{"id":94,"date":"2018-01-16T15:27:23","date_gmt":"2018-01-16T15:27:23","guid":{"rendered":"https:\/\/azenzar.com\/aze\/?p=94"},"modified":"2023-05-06T11:49:09","modified_gmt":"2023-05-06T11:49:09","slug":"groupe-izenzaren","status":"publish","type":"post","link":"https:\/\/izenzaren.ma\/index.php\/2018\/01\/16\/groupe-izenzaren\/","title":{"rendered":"Un groupe qui a marqu\u00e9 son temps"},"content":{"rendered":"<p>Tous les succ\u00e8s du groupe y ont \u00e9t\u00e9 chant\u00e9s en ch\u0153ur et chaudement applaudis par les spectateurs de cette belle localit\u00e9 de Merzouga, qui \u00e9taient dans les anges. Car c\u2019est la premi\u00e8re fois qu\u2019ils re\u00e7oivent chez eux Izenzaren qu\u2019ils ont toujours ch\u00e9ri \u00e0 travers t\u00e9l\u00e9vision, cassettes et CD. \u00abJe remercie les organisateurs du festival pour le choix du groupe Izenzaren. Je n\u2019en crois pas mes yeux\u00bb, t\u00e9moigne un habitant de Merzouga. C\u2019\u00e9tait un plaisir r\u00e9ciproque. \u00abNous sommes tr\u00e8s contents de voir tous ces gens et de ressentir leur chaleureux accueil\u00bb, souligne Abdelhadi Igout, banjo\u00efste et leader du groupe.<\/p>\n<p>Un artiste tout \u00e0 fait exceptionnel. Quelqu\u2019un de tr\u00e8s peu communicatif avec la presse, vivant presque \u00e0 la boh\u00e9mienne. Mais, en l\u2019approchant, nous d\u00e9couvrons un artiste d\u00e9vou\u00e9, qui aime son art et produit ce qu\u2019il ressent et, surtout, tr\u00e8s modeste par rapport \u00e0 ce qu\u2019il a donn\u00e9 en compagnie de son groupe. \u00abCe que nous avons produit est peu par rapport \u00e0 d\u2019autres. Mais, pour nous, c\u2019est \u00e9norme. Car l&rsquo;important pour nous est de donner peu de travaux, mais qui sont de qualit\u00e9. C\u2019est l\u00e0 o\u00f9 nous trouvons notre plaisir pour faire passer nos messages pour la paix et la compr\u00e9hension entre les gens. Nous voulons un Maroc uni pour aller de l\u2019avant\u00bb, rench\u00e9rit Abdelhadi, dont le d\u00e9but du parcours de son groupe n\u2019a pas \u00e9t\u00e9 des plus simples, puisqu\u2019il ne pouvait m\u00eame pas enregistrer ses titres.<\/p>\n<p>\u00abIl n\u2019y avait pas de studios d\u2019enregistrement. Donc, on chantait seulement pour le public. Jusqu\u2019aux ann\u00e9es 70-71, nous avons \u00e9t\u00e9 influenc\u00e9s par les chansons orientales et marocaines, puis les leaders amazighs comme Haj Belaid, Aboubaker Amachat et d\u2019autres. Bien s\u00fbr, le groupe a \u00e9t\u00e9 constitu\u00e9 de plusieurs \u00e9l\u00e9ments, notamment Abdelhadi et feu Abdelaziz. Apr\u00e8s le d\u00e9part de Abdelaziz, la formation fut renouvel\u00e9e avec d\u2019autres personnes. En 1975, c\u2019\u00e9tait au d\u00e9but de notre carri\u00e8re alors qu\u2019on n\u2019avait pas beaucoup d\u2019exp\u00e9rience, nous avons \u00e9crit \u00e0 l\u2019\u00e9mission \u201cMawahib\u201d de Abdenbi Jirari qui a appr\u00e9ci\u00e9 notre travail et nous a encourag\u00e9s\u00bb, pr\u00e9cise Talibi Moulay Brahim, un membre du groupe, dont le point fort r\u00e9side dans les po\u00e9sies des chansons qui racontent, en majorit\u00e9, les probl\u00e8mes des citoyens et leur v\u00e9cu. C\u2019\u00e9tait le souci du groupe\u00a0: \u00eatre leur porte-parole et leur voix qui exprime leur souffrance. \u00abNos paroles sont l\u2019expression de notre environnement, ce que nous voyons et ressentons. Tout ce qui nous touche, en g\u00e9n\u00e9ral. En cr\u00e9ant notre r\u00e9pertoire, nous avons pens\u00e9 en premier lieu aux jeunes de notre g\u00e9n\u00e9ration qui \u00e9taient influenc\u00e9s, dans le temps, par la musique occidentale.<\/p>\n<p>Il a fallu r\u00e9nover notre musique amazighe pour qu\u2019ils puissent l\u2019accepter, en ajoutant des instruments modernes. C\u2019est ce qui nous a pouss\u00e9s \u00e0 \u00e9voluer avec le temps\u00bb. Un r\u00e9pertoire qui n\u2019a pas pris une seule ride, malgr\u00e9 leur absence de la sc\u00e8ne un bon bout de temps. Le groupe a toujours gard\u00e9 sa popularit\u00e9 et son prestige que nul ne peut contester. \u00abNotre mission est de cr\u00e9er et non de gagner de l\u2019argent. Nous sommes m\u00eame arriv\u00e9s \u00e0 ne pas enregistrer pendant 22 ans, sans que cela nous touche. Le public \u00e9tait toujours avec nous et ne nous a jamais laiss\u00e9s tomber. Car, nous pr\u00e9sentons un travail s\u00e9rieux de tous les points de vue. Que ce soit sur le plan musical, po\u00e9tique ou encore d\u2019interpr\u00e9tation. Nous travaillons \u00e0 notre guise et tr\u00e8s lentement jusqu\u2019\u00e0 ce que le titre prenne forme\u00bb, explique Moulay Brahim.<\/p>\n","protected":false},"excerpt":{"rendered":"<p>Le l\u00e9gendaire groupe Izenzaren s\u2019est produit, dimanche dernier, en cl\u00f4ture de la troisi\u00e8me \u00e9dition du Festival international des musiques du monde de Merzouga. Une soir\u00e9e que les festivaliers n\u2019oublieront pas de sit\u00f4t.<\/p>\n","protected":false},"author":1,"featured_media":1376,"comment_status":"closed","ping_status":"closed","sticky":false,"template":"","format":"standard","meta":{"footnotes":""},"categories":[64],"tags":[],"class_list":["post-94","post","type-post","status-publish","format-standard","has-post-thumbnail","hentry","category-izenzaren"],"_links":{"self":[{"href":"https:\/\/izenzaren.ma\/index.php\/wp-json\/wp\/v2\/posts\/94","targetHints":{"allow":["GET"]}}],"collection":[{"href":"https:\/\/izenzaren.ma\/index.php\/wp-json\/wp\/v2\/posts"}],"about":[{"href":"https:\/\/izenzaren.ma\/index.php\/wp-json\/wp\/v2\/types\/post"}],"author":[{"embeddable":true,"href":"https:\/\/izenzaren.ma\/index.php\/wp-json\/wp\/v2\/users\/1"}],"replies":[{"embeddable":true,"href":"https:\/\/izenzaren.ma\/index.php\/wp-json\/wp\/v2\/comments?post=94"}],"version-history":[{"count":1,"href":"https:\/\/izenzaren.ma\/index.php\/wp-json\/wp\/v2\/posts\/94\/revisions"}],"predecessor-version":[{"id":1378,"href":"https:\/\/izenzaren.ma\/index.php\/wp-json\/wp\/v2\/posts\/94\/revisions\/1378"}],"wp:featuredmedia":[{"embeddable":true,"href":"https:\/\/izenzaren.ma\/index.php\/wp-json\/wp\/v2\/media\/1376"}],"wp:attachment":[{"href":"https:\/\/izenzaren.ma\/index.php\/wp-json\/wp\/v2\/media?parent=94"}],"wp:term":[{"taxonomy":"category","embeddable":true,"href":"https:\/\/izenzaren.ma\/index.php\/wp-json\/wp\/v2\/categories?post=94"},{"taxonomy":"post_tag","embeddable":true,"href":"https:\/\/izenzaren.ma\/index.php\/wp-json\/wp\/v2\/tags?post=94"}],"curies":[{"name":"wp","href":"https:\/\/api.w.org\/{rel}","templated":true}]}}